{"id":425,"date":"2026-02-13T09:30:27","date_gmt":"2026-02-13T13:30:27","guid":{"rendered":"https:\/\/uptparia.edu.ve\/postgrado\/?p=425"},"modified":"2026-03-03T09:38:36","modified_gmt":"2026-03-03T13:38:36","slug":"finalizacion-del-curso-de-oratoria-cohorte-i-2026","status":"publish","type":"post","link":"https:\/\/uptparia.edu.ve\/postgrado\/finalizacion-del-curso-de-oratoria-cohorte-i-2026\/","title":{"rendered":"Finalizaci\u00f3n del Curso de Oratoria &#8211; Cohorte I-2026."},"content":{"rendered":"\n<p>UPTP \u00abLuis Mariano Rivera\u00bb <\/p>\n\n\n\n<p>Direcci\u00f3n de Curr\u00edculo y Postgrado<\/p>\n\n\n\n<p>Estado: Sucre-Car\u00fapano<\/p>\n\n\n\n<p>Fecha: 13\/02\/2026<\/p>\n\n\n\n<p>Finalizaci\u00f3n del Curso de Oratoria &#8211; Cohorte I-26. El curso de Oratoria, ha sido un viaje transformador para todos los participantes. A trav\u00e9s de diversas t\u00e9cnicas y pr\u00e1cticas, los participantes han desarrollado habilidades que no solo mejoran su capacidad de comunicaci\u00f3n, sino que tambi\u00e9n fortalecen su confianza y autoestima.<\/p>\n\n\n\n<figure class=\"wp-block-image size-full is-resized\"><img loading=\"lazy\" decoding=\"async\" width=\"526\" height=\"701\" src=\"https:\/\/uptparia.edu.ve\/postgrado\/wp-content\/uploads\/sites\/4\/2026\/03\/634296268_1219837763677869_5778610964155717495_n.jpg\" alt=\"\" class=\"wp-image-426\" style=\"width:671px;height:auto\" srcset=\"https:\/\/uptparia.edu.ve\/postgrado\/wp-content\/uploads\/sites\/4\/2026\/03\/634296268_1219837763677869_5778610964155717495_n.jpg 526w, https:\/\/uptparia.edu.ve\/postgrado\/wp-content\/uploads\/sites\/4\/2026\/03\/634296268_1219837763677869_5778610964155717495_n-225x300.jpg 225w\" sizes=\"(max-width: 526px) 100vw, 526px\" \/><\/figure>\n\n\n\n<p>Bondades del Curso<\/p>\n\n\n\n<p>1. Desarrollo de Habilidades de Comunicaci\u00f3n: Los participantes han aprendido a estructurar sus discursos de manera efectiva, utilizando herramientas ling\u00fc\u00edsticas que capturan la atenci\u00f3n del p\u00fablico. Esto se traduce en una comunicaci\u00f3n m\u00e1s clara y persuasiva.<\/p>\n\n\n\n<p>2. T\u00e9cnicas de Persuasi\u00f3n: La formaci\u00f3n incluy\u00f3 estrategias psicol\u00f3gicas que permiten a los oradores conectar emocionalmente con su audiencia. Esto no solo mantiene el inter\u00e9s, sino que tambi\u00e9n crea un impacto duradero.<\/p>\n\n\n\n<p>3. Pr\u00e1ctica Continua: Cada sesi\u00f3n ofreci\u00f3 oportunidades para practicar en un entorno seguro y constructivo. Los participantes recibieron retroalimentaci\u00f3n personalizada, lo que les permiti\u00f3 mejorar constantemente.<\/p>\n\n\n\n<p>4. Networking: Los participantes formaron una comunidad de apoyo, donde compartieron experiencias y establecieron conexiones valiosas que pueden perdurar m\u00e1s all\u00e1 del curso.<\/p>\n\n\n\n<p>5. Incremento de la Autoconfianza: Muchos participantes reportaron un aumento significativo en su confianza al hablar en p\u00fablico, lo que se traduce en un impacto positivo en su vida personal y profesional.<\/p>\n\n\n\n<p>Los resultados de las entrevistas de satisfacci\u00f3n revelan que un 95% de los participantes se sienten satisfechos con el curso. Comentarios como \u00abme siento m\u00e1s segura al hablar\u00bb y \u00abhe aprendido a conectar mejor con mi audiencia\u00bb son testimonio del impacto positivo del curso.<\/p>\n\n\n\n<p>Los participantes tambi\u00e9n destacaron la calidad de la instructora y la metodolog\u00eda empleada, que combina teor\u00eda y pr\u00e1ctica de manera efectiva.<\/p>\n\n\n\n<p>Invitamos a toda la comunidad a unirse a la pr\u00f3xima cohorte del curso de Oratoria. Este es m\u00e1s que un curso; es una oportunidad para transformar tu manera de comunicarte y para empoderarte en diversas \u00e1reas de tu vida. No importa si deseas mejorar tus habilidades para presentaciones en el trabajo, o simplemente quieres sentirte m\u00e1s seguro al hablar en p\u00fablico, este curso es para ti.<\/p>\n\n\n\n<p>La Cohorte I-26 ha demostrado que la oratoria es una habilidad esencial en el mundo actual. Participar en este curso no solo te equipar\u00e1 con herramientas valiosas, sino que tambi\u00e9n te unir\u00e1 a una comunidad vibrante y motivada. No pierdas la oportunidad de ser parte de la pr\u00f3xima cohorte y llevar tu comunicaci\u00f3n al siguiente nivel.<\/p>\n\n\n\n<p>\u00a1Esperamos verte pronto en el pr\u00f3ximo curso de Oratoria! Aparta tu cupo!<\/p>\n\n\n\n<p>Docente Facilitador: MSc. Bilmaro Fernandez<br>Coordinador de Postgrado: MSc. Marcos Mart\u00ednez<br>Coordinadora de investigaci\u00f3n: MSc. Arleana Mill\u00e1n<br>Coordinador de Curr\u00edculo: Dr. Luis Cova.<br>Coordinador de Gesti\u00f3n Org. y Recursos: MSc. Jorge Rojas<br>Director Gesti\u00f3n de Curr\u00edculo y Postgrado: MSc. Marcos Mart\u00ednez.<br>Vicerrector Acad\u00e9mico: Esp. Arturo Zacar\u00edas.<br>Secretario General: MSc. Wilmer \u00c1lvarez<br>Vicerrector de Desarrollo Territorial: Dr. Jos\u00e9 Mena<br>Rector: Dr. N\u00e9stor Malav\u00e9<\/p>\n\n\n\n<p>!La Universidad Socioproductiva e inclusiva del Pueblo!<\/p>\n","protected":false},"excerpt":{"rendered":"<p>UPTP \u00abLuis Mariano Rivera\u00bb Direcci\u00f3n de Curr\u00edculo y Postgrado Estado: Sucre-Car\u00fapano Fecha: 13\/02\/2026 Finalizaci\u00f3n del Curso de Oratoria &#8211; Cohorte I-26. El curso de Oratoria, ha sido un viaje transformador<\/p>\n<p><a href=\"https:\/\/uptparia.edu.ve\/postgrado\/finalizacion-del-curso-de-oratoria-cohorte-i-2026\/\" class=\"av-btn av-btn-secondary av-btn-bubble\">Continue Reading<span class=\"screen-reader-text\">Finalizaci\u00f3n del Curso de Oratoria &#8211; Cohorte I-2026.<\/span><i class=\"fa fa-arrow-right\"><\/i><span class=\"bubble_effect\"><span class=\"circle top-left\"><\/span><span class=\"circle top-left\"><\/span><span class=\"circle top-left\"><\/span><span class=\"button effect-button\"><\/span><span class=\"circle bottom-right\"><\/span><span class=\"circle bottom-right\"><\/span><span class=\"circle bottom-right\"><\/span><\/span><\/a><\/p>\n","protected":false},"author":18,"featured_media":0,"comment_status":"closed","ping_status":"open","sticky":false,"template":"","format":"standard","meta":{"footnotes":"","iawp_total_views":3},"categories":[5],"tags":[],"yoast_head":"<!-- This site is optimized with the Yoast SEO plugin v22.8 - https:\/\/yoast.com\/wordpress\/plugins\/seo\/ -->\n<title>Finalizaci\u00f3n del Curso de Oratoria - Cohorte I-2026. - Postgrado Uptparia<\/title>\n<meta name=\"robots\" content=\"index, follow, max-snippet:-1, max-image-preview:large, max-video-preview:-1\" \/>\n<link rel=\"canonical\" href=\"https:\/\/uptparia.edu.ve\/postgrado\/finalizacion-del-curso-de-oratoria-cohorte-i-2026\/\" \/>\n<meta property=\"og:locale\" content=\"es_ES\" \/>\n<meta property=\"og:type\" content=\"article\" \/>\n<meta property=\"og:title\" content=\"Finalizaci\u00f3n del Curso de Oratoria - Cohorte I-2026. - Postgrado Uptparia\" \/>\n<meta property=\"og:description\" content=\"UPTP \u00abLuis Mariano Rivera\u00bb Direcci\u00f3n de Curr\u00edculo y Postgrado Estado: Sucre-Car\u00fapano Fecha: 13\/02\/2026 Finalizaci\u00f3n del Curso de Oratoria &#8211; Cohorte I-26. El curso de Oratoria, ha sido un viaje transformadorContinue ReadingFinalizaci\u00f3n del Curso de Oratoria &#8211; Cohorte I-2026.\" \/>\n<meta property=\"og:url\" content=\"https:\/\/uptparia.edu.ve\/postgrado\/finalizacion-del-curso-de-oratoria-cohorte-i-2026\/\" \/>\n<meta property=\"og:site_name\" content=\"Postgrado Uptparia\" \/>\n<meta property=\"article:published_time\" content=\"2026-02-13T13:30:27+00:00\" \/>\n<meta property=\"article:modified_time\" content=\"2026-03-03T13:38:36+00:00\" \/>\n<meta property=\"og:image\" content=\"https:\/\/uptparia.edu.ve\/postgrado\/wp-content\/uploads\/sites\/4\/2026\/03\/634296268_1219837763677869_5778610964155717495_n.jpg\" \/>\n<meta name=\"author\" content=\"publicaciones\" \/>\n<meta name=\"twitter:card\" content=\"summary_large_image\" \/>\n<meta name=\"twitter:label1\" content=\"Escrito por\" \/>\n\t<meta name=\"twitter:data1\" content=\"publicaciones\" \/>\n\t<meta name=\"twitter:label2\" content=\"Tiempo estimado de lectura\" \/>\n\t<meta name=\"twitter:data2\" content=\"3 minutos\" \/>\n<script type=\"application\/ld+json\" class=\"yoast-schema-graph\">{\"@context\":\"https:\/\/schema.org\",\"@graph\":[{\"@type\":\"Article\",\"@id\":\"https:\/\/uptparia.edu.ve\/postgrado\/finalizacion-del-curso-de-oratoria-cohorte-i-2026\/#article\",\"isPartOf\":{\"@id\":\"https:\/\/uptparia.edu.ve\/postgrado\/finalizacion-del-curso-de-oratoria-cohorte-i-2026\/\"},\"author\":{\"name\":\"publicaciones\",\"@id\":\"https:\/\/uptparia.edu.ve\/postgrado\/#\/schema\/person\/6c4b7d91c6a49109bae2d3c753f72c99\"},\"headline\":\"Finalizaci\u00f3n del Curso de Oratoria &#8211; Cohorte I-2026.\",\"datePublished\":\"2026-02-13T13:30:27+00:00\",\"dateModified\":\"2026-03-03T13:38:36+00:00\",\"mainEntityOfPage\":{\"@id\":\"https:\/\/uptparia.edu.ve\/postgrado\/finalizacion-del-curso-de-oratoria-cohorte-i-2026\/\"},\"wordCount\":529,\"publisher\":{\"@id\":\"https:\/\/uptparia.edu.ve\/postgrado\/#organization\"},\"image\":{\"@id\":\"https:\/\/uptparia.edu.ve\/postgrado\/finalizacion-del-curso-de-oratoria-cohorte-i-2026\/#primaryimage\"},\"thumbnailUrl\":\"https:\/\/uptparia.edu.ve\/postgrado\/wp-content\/uploads\/sites\/4\/2026\/03\/634296268_1219837763677869_5778610964155717495_n.jpg\",\"articleSection\":[\"Curso\"],\"inLanguage\":\"es\"},{\"@type\":\"WebPage\",\"@id\":\"https:\/\/uptparia.edu.ve\/postgrado\/finalizacion-del-curso-de-oratoria-cohorte-i-2026\/\",\"url\":\"https:\/\/uptparia.edu.ve\/postgrado\/finalizacion-del-curso-de-oratoria-cohorte-i-2026\/\",\"name\":\"Finalizaci\u00f3n del Curso de Oratoria - Cohorte I-2026. - Postgrado Uptparia\",\"isPartOf\":{\"@id\":\"https:\/\/uptparia.edu.ve\/postgrado\/#website\"},\"primaryImageOfPage\":{\"@id\":\"https:\/\/uptparia.edu.ve\/postgrado\/finalizacion-del-curso-de-oratoria-cohorte-i-2026\/#primaryimage\"},\"image\":{\"@id\":\"https:\/\/uptparia.edu.ve\/postgrado\/finalizacion-del-curso-de-oratoria-cohorte-i-2026\/#primaryimage\"},\"thumbnailUrl\":\"https:\/\/uptparia.edu.ve\/postgrado\/wp-content\/uploads\/sites\/4\/2026\/03\/634296268_1219837763677869_5778610964155717495_n.jpg\",\"datePublished\":\"2026-02-13T13:30:27+00:00\",\"dateModified\":\"2026-03-03T13:38:36+00:00\",\"breadcrumb\":{\"@id\":\"https:\/\/uptparia.edu.ve\/postgrado\/finalizacion-del-curso-de-oratoria-cohorte-i-2026\/#breadcrumb\"},\"inLanguage\":\"es\",\"potentialAction\":[{\"@type\":\"ReadAction\",\"target\":[\"https:\/\/uptparia.edu.ve\/postgrado\/finalizacion-del-curso-de-oratoria-cohorte-i-2026\/\"]}]},{\"@type\":\"ImageObject\",\"inLanguage\":\"es\",\"@id\":\"https:\/\/uptparia.edu.ve\/postgrado\/finalizacion-del-curso-de-oratoria-cohorte-i-2026\/#primaryimage\",\"url\":\"https:\/\/uptparia.edu.ve\/postgrado\/wp-content\/uploads\/sites\/4\/2026\/03\/634296268_1219837763677869_5778610964155717495_n.jpg\",\"contentUrl\":\"https:\/\/uptparia.edu.ve\/postgrado\/wp-content\/uploads\/sites\/4\/2026\/03\/634296268_1219837763677869_5778610964155717495_n.jpg\",\"width\":526,\"height\":701},{\"@type\":\"BreadcrumbList\",\"@id\":\"https:\/\/uptparia.edu.ve\/postgrado\/finalizacion-del-curso-de-oratoria-cohorte-i-2026\/#breadcrumb\",\"itemListElement\":[{\"@type\":\"ListItem\",\"position\":1,\"name\":\"Portada\",\"item\":\"https:\/\/uptparia.edu.ve\/postgrado\/\"},{\"@type\":\"ListItem\",\"position\":2,\"name\":\"Finalizaci\u00f3n del Curso de Oratoria &#8211; Cohorte I-2026.\"}]},{\"@type\":\"WebSite\",\"@id\":\"https:\/\/uptparia.edu.ve\/postgrado\/#website\",\"url\":\"https:\/\/uptparia.edu.ve\/postgrado\/\",\"name\":\"Postgrado Uptparia\",\"description\":\"Postgrado\",\"publisher\":{\"@id\":\"https:\/\/uptparia.edu.ve\/postgrado\/#organization\"},\"potentialAction\":[{\"@type\":\"SearchAction\",\"target\":{\"@type\":\"EntryPoint\",\"urlTemplate\":\"https:\/\/uptparia.edu.ve\/postgrado\/?s={search_term_string}\"},\"query-input\":\"required name=search_term_string\"}],\"inLanguage\":\"es\"},{\"@type\":\"Organization\",\"@id\":\"https:\/\/uptparia.edu.ve\/postgrado\/#organization\",\"name\":\"Postgrado Uptparia\",\"url\":\"https:\/\/uptparia.edu.ve\/postgrado\/\",\"logo\":{\"@type\":\"ImageObject\",\"inLanguage\":\"es\",\"@id\":\"https:\/\/uptparia.edu.ve\/postgrado\/#\/schema\/logo\/image\/\",\"url\":\"https:\/\/uptparia.edu.ve\/postgrado\/wp-content\/uploads\/sites\/4\/2024\/03\/xxIKBoCg8TOOvMjOEKJxTHTVSKMvdxVv3pjFyth2.png\",\"contentUrl\":\"https:\/\/uptparia.edu.ve\/postgrado\/wp-content\/uploads\/sites\/4\/2024\/03\/xxIKBoCg8TOOvMjOEKJxTHTVSKMvdxVv3pjFyth2.png\",\"width\":768,\"height\":520,\"caption\":\"Postgrado Uptparia\"},\"image\":{\"@id\":\"https:\/\/uptparia.edu.ve\/postgrado\/#\/schema\/logo\/image\/\"}},{\"@type\":\"Person\",\"@id\":\"https:\/\/uptparia.edu.ve\/postgrado\/#\/schema\/person\/6c4b7d91c6a49109bae2d3c753f72c99\",\"name\":\"publicaciones\",\"image\":{\"@type\":\"ImageObject\",\"inLanguage\":\"es\",\"@id\":\"https:\/\/uptparia.edu.ve\/postgrado\/#\/schema\/person\/image\/\",\"url\":\"https:\/\/secure.gravatar.com\/avatar\/873b15d015a54050b99983d3deb37447?s=96&d=mm&r=g\",\"contentUrl\":\"https:\/\/secure.gravatar.com\/avatar\/873b15d015a54050b99983d3deb37447?s=96&d=mm&r=g\",\"caption\":\"publicaciones\"},\"url\":\"https:\/\/uptparia.edu.ve\/postgrado\/author\/publicaciones\/\"}]}<\/script>\n<!-- \/ Yoast SEO plugin. -->","yoast_head_json":{"title":"Finalizaci\u00f3n del Curso de Oratoria - Cohorte I-2026. - Postgrado Uptparia","robots":{"index":"index","follow":"follow","max-snippet":"max-snippet:-1","max-image-preview":"max-image-preview:large","max-video-preview":"max-video-preview:-1"},"canonical":"https:\/\/uptparia.edu.ve\/postgrado\/finalizacion-del-curso-de-oratoria-cohorte-i-2026\/","og_locale":"es_ES","og_type":"article","og_title":"Finalizaci\u00f3n del Curso de Oratoria - Cohorte I-2026. - Postgrado Uptparia","og_description":"UPTP \u00abLuis Mariano Rivera\u00bb Direcci\u00f3n de Curr\u00edculo y Postgrado Estado: Sucre-Car\u00fapano Fecha: 13\/02\/2026 Finalizaci\u00f3n del Curso de Oratoria &#8211; Cohorte I-26. El curso de Oratoria, ha sido un viaje transformadorContinue ReadingFinalizaci\u00f3n del Curso de Oratoria &#8211; Cohorte I-2026.","og_url":"https:\/\/uptparia.edu.ve\/postgrado\/finalizacion-del-curso-de-oratoria-cohorte-i-2026\/","og_site_name":"Postgrado Uptparia","article_published_time":"2026-02-13T13:30:27+00:00","article_modified_time":"2026-03-03T13:38:36+00:00","og_image":[{"url":"https:\/\/uptparia.edu.ve\/postgrado\/wp-content\/uploads\/sites\/4\/2026\/03\/634296268_1219837763677869_5778610964155717495_n.jpg"}],"author":"publicaciones","twitter_card":"summary_large_image","twitter_misc":{"Escrito por":"publicaciones","Tiempo estimado de lectura":"3 minutos"},"schema":{"@context":"https:\/\/schema.org","@graph":[{"@type":"Article","@id":"https:\/\/uptparia.edu.ve\/postgrado\/finalizacion-del-curso-de-oratoria-cohorte-i-2026\/#article","isPartOf":{"@id":"https:\/\/uptparia.edu.ve\/postgrado\/finalizacion-del-curso-de-oratoria-cohorte-i-2026\/"},"author":{"name":"publicaciones","@id":"https:\/\/uptparia.edu.ve\/postgrado\/#\/schema\/person\/6c4b7d91c6a49109bae2d3c753f72c99"},"headline":"Finalizaci\u00f3n del Curso de Oratoria &#8211; Cohorte I-2026.","datePublished":"2026-02-13T13:30:27+00:00","dateModified":"2026-03-03T13:38:36+00:00","mainEntityOfPage":{"@id":"https:\/\/uptparia.edu.ve\/postgrado\/finalizacion-del-curso-de-oratoria-cohorte-i-2026\/"},"wordCount":529,"publisher":{"@id":"https:\/\/uptparia.edu.ve\/postgrado\/#organization"},"image":{"@id":"https:\/\/uptparia.edu.ve\/postgrado\/finalizacion-del-curso-de-oratoria-cohorte-i-2026\/#primaryimage"},"thumbnailUrl":"https:\/\/uptparia.edu.ve\/postgrado\/wp-content\/uploads\/sites\/4\/2026\/03\/634296268_1219837763677869_5778610964155717495_n.jpg","articleSection":["Curso"],"inLanguage":"es"},{"@type":"WebPage","@id":"https:\/\/uptparia.edu.ve\/postgrado\/finalizacion-del-curso-de-oratoria-cohorte-i-2026\/","url":"https:\/\/uptparia.edu.ve\/postgrado\/finalizacion-del-curso-de-oratoria-cohorte-i-2026\/","name":"Finalizaci\u00f3n del Curso de Oratoria - Cohorte I-2026. - Postgrado Uptparia","isPartOf":{"@id":"https:\/\/uptparia.edu.ve\/postgrado\/#website"},"primaryImageOfPage":{"@id":"https:\/\/uptparia.edu.ve\/postgrado\/finalizacion-del-curso-de-oratoria-cohorte-i-2026\/#primaryimage"},"image":{"@id":"https:\/\/uptparia.edu.ve\/postgrado\/finalizacion-del-curso-de-oratoria-cohorte-i-2026\/#primaryimage"},"thumbnailUrl":"https:\/\/uptparia.edu.ve\/postgrado\/wp-content\/uploads\/sites\/4\/2026\/03\/634296268_1219837763677869_5778610964155717495_n.jpg","datePublished":"2026-02-13T13:30:27+00:00","dateModified":"2026-03-03T13:38:36+00:00","breadcrumb":{"@id":"https:\/\/uptparia.edu.ve\/postgrado\/finalizacion-del-curso-de-oratoria-cohorte-i-2026\/#breadcrumb"},"inLanguage":"es","potentialAction":[{"@type":"ReadAction","target":["https:\/\/uptparia.edu.ve\/postgrado\/finalizacion-del-curso-de-oratoria-cohorte-i-2026\/"]}]},{"@type":"ImageObject","inLanguage":"es","@id":"https:\/\/uptparia.edu.ve\/postgrado\/finalizacion-del-curso-de-oratoria-cohorte-i-2026\/#primaryimage","url":"https:\/\/uptparia.edu.ve\/postgrado\/wp-content\/uploads\/sites\/4\/2026\/03\/634296268_1219837763677869_5778610964155717495_n.jpg","contentUrl":"https:\/\/uptparia.edu.ve\/postgrado\/wp-content\/uploads\/sites\/4\/2026\/03\/634296268_1219837763677869_5778610964155717495_n.jpg","width":526,"height":701},{"@type":"BreadcrumbList","@id":"https:\/\/uptparia.edu.ve\/postgrado\/finalizacion-del-curso-de-oratoria-cohorte-i-2026\/#breadcrumb","itemListElement":[{"@type":"ListItem","position":1,"name":"Portada","item":"https:\/\/uptparia.edu.ve\/postgrado\/"},{"@type":"ListItem","position":2,"name":"Finalizaci\u00f3n del Curso de Oratoria &#8211; Cohorte I-2026."}]},{"@type":"WebSite","@id":"https:\/\/uptparia.edu.ve\/postgrado\/#website","url":"https:\/\/uptparia.edu.ve\/postgrado\/","name":"Postgrado Uptparia","description":"Postgrado","publisher":{"@id":"https:\/\/uptparia.edu.ve\/postgrado\/#organization"},"potentialAction":[{"@type":"SearchAction","target":{"@type":"EntryPoint","urlTemplate":"https:\/\/uptparia.edu.ve\/postgrado\/?s={search_term_string}"},"query-input":"required name=search_term_string"}],"inLanguage":"es"},{"@type":"Organization","@id":"https:\/\/uptparia.edu.ve\/postgrado\/#organization","name":"Postgrado Uptparia","url":"https:\/\/uptparia.edu.ve\/postgrado\/","logo":{"@type":"ImageObject","inLanguage":"es","@id":"https:\/\/uptparia.edu.ve\/postgrado\/#\/schema\/logo\/image\/","url":"https:\/\/uptparia.edu.ve\/postgrado\/wp-content\/uploads\/sites\/4\/2024\/03\/xxIKBoCg8TOOvMjOEKJxTHTVSKMvdxVv3pjFyth2.png","contentUrl":"https:\/\/uptparia.edu.ve\/postgrado\/wp-content\/uploads\/sites\/4\/2024\/03\/xxIKBoCg8TOOvMjOEKJxTHTVSKMvdxVv3pjFyth2.png","width":768,"height":520,"caption":"Postgrado Uptparia"},"image":{"@id":"https:\/\/uptparia.edu.ve\/postgrado\/#\/schema\/logo\/image\/"}},{"@type":"Person","@id":"https:\/\/uptparia.edu.ve\/postgrado\/#\/schema\/person\/6c4b7d91c6a49109bae2d3c753f72c99","name":"publicaciones","image":{"@type":"ImageObject","inLanguage":"es","@id":"https:\/\/uptparia.edu.ve\/postgrado\/#\/schema\/person\/image\/","url":"https:\/\/secure.gravatar.com\/avatar\/873b15d015a54050b99983d3deb37447?s=96&d=mm&r=g","contentUrl":"https:\/\/secure.gravatar.com\/avatar\/873b15d015a54050b99983d3deb37447?s=96&d=mm&r=g","caption":"publicaciones"},"url":"https:\/\/uptparia.edu.ve\/postgrado\/author\/publicaciones\/"}]}},"_links":{"self":[{"href":"https:\/\/uptparia.edu.ve\/postgrado\/wp-json\/wp\/v2\/posts\/425"}],"collection":[{"href":"https:\/\/uptparia.edu.ve\/postgrado\/wp-json\/wp\/v2\/posts"}],"about":[{"href":"https:\/\/uptparia.edu.ve\/postgrado\/wp-json\/wp\/v2\/types\/post"}],"author":[{"embeddable":true,"href":"https:\/\/uptparia.edu.ve\/postgrado\/wp-json\/wp\/v2\/users\/18"}],"replies":[{"embeddable":true,"href":"https:\/\/uptparia.edu.ve\/postgrado\/wp-json\/wp\/v2\/comments?post=425"}],"version-history":[{"count":1,"href":"https:\/\/uptparia.edu.ve\/postgrado\/wp-json\/wp\/v2\/posts\/425\/revisions"}],"predecessor-version":[{"id":427,"href":"https:\/\/uptparia.edu.ve\/postgrado\/wp-json\/wp\/v2\/posts\/425\/revisions\/427"}],"wp:attachment":[{"href":"https:\/\/uptparia.edu.ve\/postgrado\/wp-json\/wp\/v2\/media?parent=425"}],"wp:term":[{"taxonomy":"category","embeddable":true,"href":"https:\/\/uptparia.edu.ve\/postgrado\/wp-json\/wp\/v2\/categories?post=425"},{"taxonomy":"post_tag","embeddable":true,"href":"https:\/\/uptparia.edu.ve\/postgrado\/wp-json\/wp\/v2\/tags?post=425"}],"curies":[{"name":"wp","href":"https:\/\/api.w.org\/{rel}","templated":true}]}}