{"id":428,"date":"2026-02-06T09:41:06","date_gmt":"2026-02-06T13:41:06","guid":{"rendered":"https:\/\/uptparia.edu.ve\/postgrado\/?p=428"},"modified":"2026-03-03T09:48:33","modified_gmt":"2026-03-03T13:48:33","slug":"bienvenidos-al-curso-de-oratoria-cohorte-i-2026","status":"publish","type":"post","link":"https:\/\/uptparia.edu.ve\/postgrado\/bienvenidos-al-curso-de-oratoria-cohorte-i-2026\/","title":{"rendered":"\u00a1Bienvenidos al Curso de Oratoria! Cohorte I -2026."},"content":{"rendered":"\n<p>Hoy, viernes 06 de febrero, en nuestra sala de conferencias, iniciamos un viaje transformador que cambiar\u00e1 la forma en que te comunicas. La oratoria no solo es la habilidad de hablar en p\u00fablico; es la llave maestra que abre puertas en tu vida personal y profesional.<\/p>\n\n\n\n<figure class=\"wp-block-image size-full is-resized\"><img loading=\"lazy\" decoding=\"async\" width=\"526\" height=\"701\" src=\"https:\/\/uptparia.edu.ve\/postgrado\/wp-content\/uploads\/sites\/4\/2026\/03\/627408988_1211440181184294_5250627025449669330_n.jpg\" alt=\"\" class=\"wp-image-429\" style=\"width:838px;height:auto\" srcset=\"https:\/\/uptparia.edu.ve\/postgrado\/wp-content\/uploads\/sites\/4\/2026\/03\/627408988_1211440181184294_5250627025449669330_n.jpg 526w, https:\/\/uptparia.edu.ve\/postgrado\/wp-content\/uploads\/sites\/4\/2026\/03\/627408988_1211440181184294_5250627025449669330_n-225x300.jpg 225w\" sizes=\"(max-width: 526px) 100vw, 526px\" \/><\/figure>\n\n\n\n<p><img loading=\"lazy\" decoding=\"async\" height=\"16\" width=\"16\" src=\"https:\/\/static.xx.fbcdn.net\/images\/emoji.php\/v9\/t33\/1\/16\/2705.png\" alt=\"\u2705\"> \u00bfPor qu\u00e9 participar?<\/p>\n\n\n\n<p>&#8211; Desarrolla confianza: Aprender\u00e1s a hablar con seguridad y a cautivar a tu audiencia.<\/p>\n\n\n\n<p>&#8211; Mejora las habilidades de comunicaci\u00f3n: Dominar\u00e1s t\u00e9cnicas que te permitir\u00e1n expresarte con claridad y efectividad.<\/p>\n\n\n\n<p>&#8211; Conecta con los dem\u00e1s: La oratoria te ayudar\u00e1 a crear v\u00ednculos significativos, ya sea en una reuni\u00f3n de trabajo o en una conversaci\u00f3n casual.<\/p>\n\n\n\n<p><img loading=\"lazy\" decoding=\"async\" height=\"16\" width=\"16\" src=\"https:\/\/static.xx.fbcdn.net\/images\/emoji.php\/v9\/tad\/1\/16\/1f511.png\" alt=\"\ud83d\udd11\"> Que aprender\u00e1s:<\/p>\n\n\n\n<p>&#8211; Estrategias para estructurar tus discursos de manera impactante.<\/p>\n\n\n\n<p>&#8211; T\u00e9cnicas para manejar el miedo esc\u00e9nico y convertirlo en energ\u00eda positiva.<\/p>\n\n\n\n<p>&#8211; C\u00f3mo utilizar el lenguaje corporal para reforzar tu mensaje.<\/p>\n\n\n\n<p>\u00a1Es la oportunidad de crecer y brillar! Te esperamos con entusiasmo para comenzar juntos este emocionante viaje hacia la excelencia en la oratoria.<\/p>\n\n\n\n<p>Recuerda, cada gran orador comenz\u00f3 siendo un principiante. \u00a1T\u00fa tambi\u00e9n puedes serlo!<\/p>\n","protected":false},"excerpt":{"rendered":"<p>Hoy, viernes 06 de febrero, en nuestra sala de conferencias, iniciamos un viaje transformador que cambiar\u00e1 la forma en que te comunicas. La oratoria no solo es la habilidad de<\/p>\n<p><a href=\"https:\/\/uptparia.edu.ve\/postgrado\/bienvenidos-al-curso-de-oratoria-cohorte-i-2026\/\" class=\"av-btn av-btn-secondary av-btn-bubble\">Continue Reading<span class=\"screen-reader-text\">\u00a1Bienvenidos al Curso de Oratoria! Cohorte I -2026.<\/span><i class=\"fa fa-arrow-right\"><\/i><span class=\"bubble_effect\"><span class=\"circle top-left\"><\/span><span class=\"circle top-left\"><\/span><span class=\"circle top-left\"><\/span><span class=\"button effect-button\"><\/span><span class=\"circle bottom-right\"><\/span><span class=\"circle bottom-right\"><\/span><span class=\"circle bottom-right\"><\/span><\/span><\/a><\/p>\n","protected":false},"author":18,"featured_media":0,"comment_status":"closed","ping_status":"open","sticky":false,"template":"","format":"standard","meta":{"footnotes":"","iawp_total_views":4},"categories":[5],"tags":[],"yoast_head":"<!-- This site is optimized with the Yoast SEO plugin v22.8 - https:\/\/yoast.com\/wordpress\/plugins\/seo\/ -->\n<title>\u00a1Bienvenidos al Curso de Oratoria! Cohorte I -2026. - Postgrado Uptparia<\/title>\n<meta name=\"robots\" content=\"index, follow, max-snippet:-1, max-image-preview:large, max-video-preview:-1\" \/>\n<link rel=\"canonical\" href=\"https:\/\/uptparia.edu.ve\/postgrado\/bienvenidos-al-curso-de-oratoria-cohorte-i-2026\/\" \/>\n<meta property=\"og:locale\" content=\"es_ES\" \/>\n<meta property=\"og:type\" content=\"article\" \/>\n<meta property=\"og:title\" content=\"\u00a1Bienvenidos al Curso de Oratoria! Cohorte I -2026. - Postgrado Uptparia\" \/>\n<meta property=\"og:description\" content=\"Hoy, viernes 06 de febrero, en nuestra sala de conferencias, iniciamos un viaje transformador que cambiar\u00e1 la forma en que te comunicas. La oratoria no solo es la habilidad deContinue Reading\u00a1Bienvenidos al Curso de Oratoria! Cohorte I -2026.\" \/>\n<meta property=\"og:url\" content=\"https:\/\/uptparia.edu.ve\/postgrado\/bienvenidos-al-curso-de-oratoria-cohorte-i-2026\/\" \/>\n<meta property=\"og:site_name\" content=\"Postgrado Uptparia\" \/>\n<meta property=\"article:published_time\" content=\"2026-02-06T13:41:06+00:00\" \/>\n<meta property=\"article:modified_time\" content=\"2026-03-03T13:48:33+00:00\" \/>\n<meta property=\"og:image\" content=\"https:\/\/uptparia.edu.ve\/postgrado\/wp-content\/uploads\/sites\/4\/2026\/03\/627408988_1211440181184294_5250627025449669330_n.jpg\" \/>\n<meta name=\"author\" content=\"publicaciones\" \/>\n<meta name=\"twitter:card\" content=\"summary_large_image\" \/>\n<meta name=\"twitter:label1\" content=\"Escrito por\" \/>\n\t<meta name=\"twitter:data1\" content=\"publicaciones\" \/>\n\t<meta name=\"twitter:label2\" content=\"Tiempo estimado de lectura\" \/>\n\t<meta name=\"twitter:data2\" content=\"2 minutos\" \/>\n<script type=\"application\/ld+json\" class=\"yoast-schema-graph\">{\"@context\":\"https:\/\/schema.org\",\"@graph\":[{\"@type\":\"Article\",\"@id\":\"https:\/\/uptparia.edu.ve\/postgrado\/bienvenidos-al-curso-de-oratoria-cohorte-i-2026\/#article\",\"isPartOf\":{\"@id\":\"https:\/\/uptparia.edu.ve\/postgrado\/bienvenidos-al-curso-de-oratoria-cohorte-i-2026\/\"},\"author\":{\"name\":\"publicaciones\",\"@id\":\"https:\/\/uptparia.edu.ve\/postgrado\/#\/schema\/person\/6c4b7d91c6a49109bae2d3c753f72c99\"},\"headline\":\"\u00a1Bienvenidos al Curso de Oratoria! Cohorte I -2026.\",\"datePublished\":\"2026-02-06T13:41:06+00:00\",\"dateModified\":\"2026-03-03T13:48:33+00:00\",\"mainEntityOfPage\":{\"@id\":\"https:\/\/uptparia.edu.ve\/postgrado\/bienvenidos-al-curso-de-oratoria-cohorte-i-2026\/\"},\"wordCount\":195,\"publisher\":{\"@id\":\"https:\/\/uptparia.edu.ve\/postgrado\/#organization\"},\"image\":{\"@id\":\"https:\/\/uptparia.edu.ve\/postgrado\/bienvenidos-al-curso-de-oratoria-cohorte-i-2026\/#primaryimage\"},\"thumbnailUrl\":\"https:\/\/uptparia.edu.ve\/postgrado\/wp-content\/uploads\/sites\/4\/2026\/03\/627408988_1211440181184294_5250627025449669330_n.jpg\",\"articleSection\":[\"Curso\"],\"inLanguage\":\"es\"},{\"@type\":\"WebPage\",\"@id\":\"https:\/\/uptparia.edu.ve\/postgrado\/bienvenidos-al-curso-de-oratoria-cohorte-i-2026\/\",\"url\":\"https:\/\/uptparia.edu.ve\/postgrado\/bienvenidos-al-curso-de-oratoria-cohorte-i-2026\/\",\"name\":\"\u00a1Bienvenidos al Curso de Oratoria! Cohorte I -2026. - Postgrado Uptparia\",\"isPartOf\":{\"@id\":\"https:\/\/uptparia.edu.ve\/postgrado\/#website\"},\"primaryImageOfPage\":{\"@id\":\"https:\/\/uptparia.edu.ve\/postgrado\/bienvenidos-al-curso-de-oratoria-cohorte-i-2026\/#primaryimage\"},\"image\":{\"@id\":\"https:\/\/uptparia.edu.ve\/postgrado\/bienvenidos-al-curso-de-oratoria-cohorte-i-2026\/#primaryimage\"},\"thumbnailUrl\":\"https:\/\/uptparia.edu.ve\/postgrado\/wp-content\/uploads\/sites\/4\/2026\/03\/627408988_1211440181184294_5250627025449669330_n.jpg\",\"datePublished\":\"2026-02-06T13:41:06+00:00\",\"dateModified\":\"2026-03-03T13:48:33+00:00\",\"breadcrumb\":{\"@id\":\"https:\/\/uptparia.edu.ve\/postgrado\/bienvenidos-al-curso-de-oratoria-cohorte-i-2026\/#breadcrumb\"},\"inLanguage\":\"es\",\"potentialAction\":[{\"@type\":\"ReadAction\",\"target\":[\"https:\/\/uptparia.edu.ve\/postgrado\/bienvenidos-al-curso-de-oratoria-cohorte-i-2026\/\"]}]},{\"@type\":\"ImageObject\",\"inLanguage\":\"es\",\"@id\":\"https:\/\/uptparia.edu.ve\/postgrado\/bienvenidos-al-curso-de-oratoria-cohorte-i-2026\/#primaryimage\",\"url\":\"https:\/\/uptparia.edu.ve\/postgrado\/wp-content\/uploads\/sites\/4\/2026\/03\/627408988_1211440181184294_5250627025449669330_n.jpg\",\"contentUrl\":\"https:\/\/uptparia.edu.ve\/postgrado\/wp-content\/uploads\/sites\/4\/2026\/03\/627408988_1211440181184294_5250627025449669330_n.jpg\",\"width\":526,\"height\":701},{\"@type\":\"BreadcrumbList\",\"@id\":\"https:\/\/uptparia.edu.ve\/postgrado\/bienvenidos-al-curso-de-oratoria-cohorte-i-2026\/#breadcrumb\",\"itemListElement\":[{\"@type\":\"ListItem\",\"position\":1,\"name\":\"Portada\",\"item\":\"https:\/\/uptparia.edu.ve\/postgrado\/\"},{\"@type\":\"ListItem\",\"position\":2,\"name\":\"\u00a1Bienvenidos al Curso de Oratoria! Cohorte I -2026.\"}]},{\"@type\":\"WebSite\",\"@id\":\"https:\/\/uptparia.edu.ve\/postgrado\/#website\",\"url\":\"https:\/\/uptparia.edu.ve\/postgrado\/\",\"name\":\"Postgrado Uptparia\",\"description\":\"Postgrado\",\"publisher\":{\"@id\":\"https:\/\/uptparia.edu.ve\/postgrado\/#organization\"},\"potentialAction\":[{\"@type\":\"SearchAction\",\"target\":{\"@type\":\"EntryPoint\",\"urlTemplate\":\"https:\/\/uptparia.edu.ve\/postgrado\/?s={search_term_string}\"},\"query-input\":\"required name=search_term_string\"}],\"inLanguage\":\"es\"},{\"@type\":\"Organization\",\"@id\":\"https:\/\/uptparia.edu.ve\/postgrado\/#organization\",\"name\":\"Postgrado Uptparia\",\"url\":\"https:\/\/uptparia.edu.ve\/postgrado\/\",\"logo\":{\"@type\":\"ImageObject\",\"inLanguage\":\"es\",\"@id\":\"https:\/\/uptparia.edu.ve\/postgrado\/#\/schema\/logo\/image\/\",\"url\":\"https:\/\/uptparia.edu.ve\/postgrado\/wp-content\/uploads\/sites\/4\/2024\/03\/xxIKBoCg8TOOvMjOEKJxTHTVSKMvdxVv3pjFyth2.png\",\"contentUrl\":\"https:\/\/uptparia.edu.ve\/postgrado\/wp-content\/uploads\/sites\/4\/2024\/03\/xxIKBoCg8TOOvMjOEKJxTHTVSKMvdxVv3pjFyth2.png\",\"width\":768,\"height\":520,\"caption\":\"Postgrado Uptparia\"},\"image\":{\"@id\":\"https:\/\/uptparia.edu.ve\/postgrado\/#\/schema\/logo\/image\/\"}},{\"@type\":\"Person\",\"@id\":\"https:\/\/uptparia.edu.ve\/postgrado\/#\/schema\/person\/6c4b7d91c6a49109bae2d3c753f72c99\",\"name\":\"publicaciones\",\"image\":{\"@type\":\"ImageObject\",\"inLanguage\":\"es\",\"@id\":\"https:\/\/uptparia.edu.ve\/postgrado\/#\/schema\/person\/image\/\",\"url\":\"https:\/\/secure.gravatar.com\/avatar\/873b15d015a54050b99983d3deb37447?s=96&d=mm&r=g\",\"contentUrl\":\"https:\/\/secure.gravatar.com\/avatar\/873b15d015a54050b99983d3deb37447?s=96&d=mm&r=g\",\"caption\":\"publicaciones\"},\"url\":\"https:\/\/uptparia.edu.ve\/postgrado\/author\/publicaciones\/\"}]}<\/script>\n<!-- \/ Yoast SEO plugin. -->","yoast_head_json":{"title":"\u00a1Bienvenidos al Curso de Oratoria! Cohorte I -2026. - Postgrado Uptparia","robots":{"index":"index","follow":"follow","max-snippet":"max-snippet:-1","max-image-preview":"max-image-preview:large","max-video-preview":"max-video-preview:-1"},"canonical":"https:\/\/uptparia.edu.ve\/postgrado\/bienvenidos-al-curso-de-oratoria-cohorte-i-2026\/","og_locale":"es_ES","og_type":"article","og_title":"\u00a1Bienvenidos al Curso de Oratoria! Cohorte I -2026. - Postgrado Uptparia","og_description":"Hoy, viernes 06 de febrero, en nuestra sala de conferencias, iniciamos un viaje transformador que cambiar\u00e1 la forma en que te comunicas. La oratoria no solo es la habilidad deContinue Reading\u00a1Bienvenidos al Curso de Oratoria! Cohorte I -2026.","og_url":"https:\/\/uptparia.edu.ve\/postgrado\/bienvenidos-al-curso-de-oratoria-cohorte-i-2026\/","og_site_name":"Postgrado Uptparia","article_published_time":"2026-02-06T13:41:06+00:00","article_modified_time":"2026-03-03T13:48:33+00:00","og_image":[{"url":"https:\/\/uptparia.edu.ve\/postgrado\/wp-content\/uploads\/sites\/4\/2026\/03\/627408988_1211440181184294_5250627025449669330_n.jpg"}],"author":"publicaciones","twitter_card":"summary_large_image","twitter_misc":{"Escrito por":"publicaciones","Tiempo estimado de lectura":"2 minutos"},"schema":{"@context":"https:\/\/schema.org","@graph":[{"@type":"Article","@id":"https:\/\/uptparia.edu.ve\/postgrado\/bienvenidos-al-curso-de-oratoria-cohorte-i-2026\/#article","isPartOf":{"@id":"https:\/\/uptparia.edu.ve\/postgrado\/bienvenidos-al-curso-de-oratoria-cohorte-i-2026\/"},"author":{"name":"publicaciones","@id":"https:\/\/uptparia.edu.ve\/postgrado\/#\/schema\/person\/6c4b7d91c6a49109bae2d3c753f72c99"},"headline":"\u00a1Bienvenidos al Curso de Oratoria! Cohorte I -2026.","datePublished":"2026-02-06T13:41:06+00:00","dateModified":"2026-03-03T13:48:33+00:00","mainEntityOfPage":{"@id":"https:\/\/uptparia.edu.ve\/postgrado\/bienvenidos-al-curso-de-oratoria-cohorte-i-2026\/"},"wordCount":195,"publisher":{"@id":"https:\/\/uptparia.edu.ve\/postgrado\/#organization"},"image":{"@id":"https:\/\/uptparia.edu.ve\/postgrado\/bienvenidos-al-curso-de-oratoria-cohorte-i-2026\/#primaryimage"},"thumbnailUrl":"https:\/\/uptparia.edu.ve\/postgrado\/wp-content\/uploads\/sites\/4\/2026\/03\/627408988_1211440181184294_5250627025449669330_n.jpg","articleSection":["Curso"],"inLanguage":"es"},{"@type":"WebPage","@id":"https:\/\/uptparia.edu.ve\/postgrado\/bienvenidos-al-curso-de-oratoria-cohorte-i-2026\/","url":"https:\/\/uptparia.edu.ve\/postgrado\/bienvenidos-al-curso-de-oratoria-cohorte-i-2026\/","name":"\u00a1Bienvenidos al Curso de Oratoria! Cohorte I -2026. - Postgrado Uptparia","isPartOf":{"@id":"https:\/\/uptparia.edu.ve\/postgrado\/#website"},"primaryImageOfPage":{"@id":"https:\/\/uptparia.edu.ve\/postgrado\/bienvenidos-al-curso-de-oratoria-cohorte-i-2026\/#primaryimage"},"image":{"@id":"https:\/\/uptparia.edu.ve\/postgrado\/bienvenidos-al-curso-de-oratoria-cohorte-i-2026\/#primaryimage"},"thumbnailUrl":"https:\/\/uptparia.edu.ve\/postgrado\/wp-content\/uploads\/sites\/4\/2026\/03\/627408988_1211440181184294_5250627025449669330_n.jpg","datePublished":"2026-02-06T13:41:06+00:00","dateModified":"2026-03-03T13:48:33+00:00","breadcrumb":{"@id":"https:\/\/uptparia.edu.ve\/postgrado\/bienvenidos-al-curso-de-oratoria-cohorte-i-2026\/#breadcrumb"},"inLanguage":"es","potentialAction":[{"@type":"ReadAction","target":["https:\/\/uptparia.edu.ve\/postgrado\/bienvenidos-al-curso-de-oratoria-cohorte-i-2026\/"]}]},{"@type":"ImageObject","inLanguage":"es","@id":"https:\/\/uptparia.edu.ve\/postgrado\/bienvenidos-al-curso-de-oratoria-cohorte-i-2026\/#primaryimage","url":"https:\/\/uptparia.edu.ve\/postgrado\/wp-content\/uploads\/sites\/4\/2026\/03\/627408988_1211440181184294_5250627025449669330_n.jpg","contentUrl":"https:\/\/uptparia.edu.ve\/postgrado\/wp-content\/uploads\/sites\/4\/2026\/03\/627408988_1211440181184294_5250627025449669330_n.jpg","width":526,"height":701},{"@type":"BreadcrumbList","@id":"https:\/\/uptparia.edu.ve\/postgrado\/bienvenidos-al-curso-de-oratoria-cohorte-i-2026\/#breadcrumb","itemListElement":[{"@type":"ListItem","position":1,"name":"Portada","item":"https:\/\/uptparia.edu.ve\/postgrado\/"},{"@type":"ListItem","position":2,"name":"\u00a1Bienvenidos al Curso de Oratoria! Cohorte I -2026."}]},{"@type":"WebSite","@id":"https:\/\/uptparia.edu.ve\/postgrado\/#website","url":"https:\/\/uptparia.edu.ve\/postgrado\/","name":"Postgrado Uptparia","description":"Postgrado","publisher":{"@id":"https:\/\/uptparia.edu.ve\/postgrado\/#organization"},"potentialAction":[{"@type":"SearchAction","target":{"@type":"EntryPoint","urlTemplate":"https:\/\/uptparia.edu.ve\/postgrado\/?s={search_term_string}"},"query-input":"required name=search_term_string"}],"inLanguage":"es"},{"@type":"Organization","@id":"https:\/\/uptparia.edu.ve\/postgrado\/#organization","name":"Postgrado Uptparia","url":"https:\/\/uptparia.edu.ve\/postgrado\/","logo":{"@type":"ImageObject","inLanguage":"es","@id":"https:\/\/uptparia.edu.ve\/postgrado\/#\/schema\/logo\/image\/","url":"https:\/\/uptparia.edu.ve\/postgrado\/wp-content\/uploads\/sites\/4\/2024\/03\/xxIKBoCg8TOOvMjOEKJxTHTVSKMvdxVv3pjFyth2.png","contentUrl":"https:\/\/uptparia.edu.ve\/postgrado\/wp-content\/uploads\/sites\/4\/2024\/03\/xxIKBoCg8TOOvMjOEKJxTHTVSKMvdxVv3pjFyth2.png","width":768,"height":520,"caption":"Postgrado Uptparia"},"image":{"@id":"https:\/\/uptparia.edu.ve\/postgrado\/#\/schema\/logo\/image\/"}},{"@type":"Person","@id":"https:\/\/uptparia.edu.ve\/postgrado\/#\/schema\/person\/6c4b7d91c6a49109bae2d3c753f72c99","name":"publicaciones","image":{"@type":"ImageObject","inLanguage":"es","@id":"https:\/\/uptparia.edu.ve\/postgrado\/#\/schema\/person\/image\/","url":"https:\/\/secure.gravatar.com\/avatar\/873b15d015a54050b99983d3deb37447?s=96&d=mm&r=g","contentUrl":"https:\/\/secure.gravatar.com\/avatar\/873b15d015a54050b99983d3deb37447?s=96&d=mm&r=g","caption":"publicaciones"},"url":"https:\/\/uptparia.edu.ve\/postgrado\/author\/publicaciones\/"}]}},"_links":{"self":[{"href":"https:\/\/uptparia.edu.ve\/postgrado\/wp-json\/wp\/v2\/posts\/428"}],"collection":[{"href":"https:\/\/uptparia.edu.ve\/postgrado\/wp-json\/wp\/v2\/posts"}],"about":[{"href":"https:\/\/uptparia.edu.ve\/postgrado\/wp-json\/wp\/v2\/types\/post"}],"author":[{"embeddable":true,"href":"https:\/\/uptparia.edu.ve\/postgrado\/wp-json\/wp\/v2\/users\/18"}],"replies":[{"embeddable":true,"href":"https:\/\/uptparia.edu.ve\/postgrado\/wp-json\/wp\/v2\/comments?post=428"}],"version-history":[{"count":1,"href":"https:\/\/uptparia.edu.ve\/postgrado\/wp-json\/wp\/v2\/posts\/428\/revisions"}],"predecessor-version":[{"id":430,"href":"https:\/\/uptparia.edu.ve\/postgrado\/wp-json\/wp\/v2\/posts\/428\/revisions\/430"}],"wp:attachment":[{"href":"https:\/\/uptparia.edu.ve\/postgrado\/wp-json\/wp\/v2\/media?parent=428"}],"wp:term":[{"taxonomy":"category","embeddable":true,"href":"https:\/\/uptparia.edu.ve\/postgrado\/wp-json\/wp\/v2\/categories?post=428"},{"taxonomy":"post_tag","embeddable":true,"href":"https:\/\/uptparia.edu.ve\/postgrado\/wp-json\/wp\/v2\/tags?post=428"}],"curies":[{"name":"wp","href":"https:\/\/api.w.org\/{rel}","templated":true}]}}